{"id":7269,"date":"2021-02-23T03:14:33","date_gmt":"2021-02-23T01:14:33","guid":{"rendered":"http:\/\/www.gemeinsam-fuer-kenia.de\/?p=7269"},"modified":"2021-02-23T13:20:03","modified_gmt":"2021-02-23T11:20:03","slug":"nachruf-2","status":"publish","type":"post","link":"http:\/\/www.gemeinsam-fuer-kenia.de\/?p=7269","title":{"rendered":"Nachruf"},"content":{"rendered":"\n<p> Unerwartet  mussten wir zu Beginn dieses Jahres die traurigen Nachrichten zur  Kenntnis nehmen, dass zwei unserer langj\u00e4hrigen Vereinsmitglieder, zwei  ganz besondere Menschen, viel zu fr\u00fch verstorben sind. <\/p>\n\n\n\n<p>Unser tiefes Mitgef\u00fchl gilt den Familien von Papa Orenge und Kurt. <\/p>\n\n\n\n<figure class=\"wp-block-gallery columns-1 is-cropped wp-block-gallery-1 is-layout-flex wp-block-gallery-is-layout-flex\"><ul class=\"blocks-gallery-grid\"><li class=\"blocks-gallery-item\"><figure><img loading=\"lazy\" decoding=\"async\" width=\"1024\" height=\"576\" src=\"http:\/\/www.gemeinsam-fuer-kenia.de\/wp-content\/uploads\/2021\/02\/Folie1-1024x576.jpg\" alt=\"\" data-id=\"7270\" data-full-url=\"http:\/\/www.gemeinsam-fuer-kenia.de\/wp-content\/uploads\/2021\/02\/Folie1.jpg\" data-link=\"http:\/\/www.gemeinsam-fuer-kenia.de\/?attachment_id=7270\" class=\"wp-image-7270\" srcset=\"http:\/\/www.gemeinsam-fuer-kenia.de\/wp-content\/uploads\/2021\/02\/Folie1-1024x576.jpg 1024w, http:\/\/www.gemeinsam-fuer-kenia.de\/wp-content\/uploads\/2021\/02\/Folie1-300x169.jpg 300w, http:\/\/www.gemeinsam-fuer-kenia.de\/wp-content\/uploads\/2021\/02\/Folie1-768x432.jpg 768w, http:\/\/www.gemeinsam-fuer-kenia.de\/wp-content\/uploads\/2021\/02\/Folie1-500x281.jpg 500w, http:\/\/www.gemeinsam-fuer-kenia.de\/wp-content\/uploads\/2021\/02\/Folie1.jpg 1280w\" sizes=\"(max-width: 1024px) 100vw, 1024px\" \/><\/figure><\/li><\/ul><\/figure>\n\n\n\n<figure class=\"wp-block-image size-large\"><img loading=\"lazy\" decoding=\"async\" width=\"1024\" height=\"576\" src=\"http:\/\/www.gemeinsam-fuer-kenia.de\/wp-content\/uploads\/2021\/02\/Folie2-1-1024x576.jpg\" alt=\"\" class=\"wp-image-7274\" srcset=\"http:\/\/www.gemeinsam-fuer-kenia.de\/wp-content\/uploads\/2021\/02\/Folie2-1-1024x576.jpg 1024w, http:\/\/www.gemeinsam-fuer-kenia.de\/wp-content\/uploads\/2021\/02\/Folie2-1-300x169.jpg 300w, http:\/\/www.gemeinsam-fuer-kenia.de\/wp-content\/uploads\/2021\/02\/Folie2-1-768x432.jpg 768w, http:\/\/www.gemeinsam-fuer-kenia.de\/wp-content\/uploads\/2021\/02\/Folie2-1-500x281.jpg 500w, http:\/\/www.gemeinsam-fuer-kenia.de\/wp-content\/uploads\/2021\/02\/Folie2-1.jpg 1280w\" sizes=\"(max-width: 1024px) 100vw, 1024px\" \/><\/figure>\n\n\n\n<figure class=\"wp-block-gallery columns-1 is-cropped wp-block-gallery-2 is-layout-flex wp-block-gallery-is-layout-flex\"><ul class=\"blocks-gallery-grid\"><li class=\"blocks-gallery-item\"><figure><img loading=\"lazy\" decoding=\"async\" width=\"1024\" height=\"576\" src=\"http:\/\/www.gemeinsam-fuer-kenia.de\/wp-content\/uploads\/2021\/02\/Folie3-2-1024x576.jpg\" alt=\"\" data-id=\"7278\" data-full-url=\"http:\/\/www.gemeinsam-fuer-kenia.de\/wp-content\/uploads\/2021\/02\/Folie3-2.jpg\" data-link=\"http:\/\/www.gemeinsam-fuer-kenia.de\/?attachment_id=7278\" class=\"wp-image-7278\" srcset=\"http:\/\/www.gemeinsam-fuer-kenia.de\/wp-content\/uploads\/2021\/02\/Folie3-2-1024x576.jpg 1024w, http:\/\/www.gemeinsam-fuer-kenia.de\/wp-content\/uploads\/2021\/02\/Folie3-2-300x169.jpg 300w, http:\/\/www.gemeinsam-fuer-kenia.de\/wp-content\/uploads\/2021\/02\/Folie3-2-768x432.jpg 768w, http:\/\/www.gemeinsam-fuer-kenia.de\/wp-content\/uploads\/2021\/02\/Folie3-2-500x281.jpg 500w, http:\/\/www.gemeinsam-fuer-kenia.de\/wp-content\/uploads\/2021\/02\/Folie3-2.jpg 1280w\" sizes=\"(max-width: 1024px) 100vw, 1024px\" \/><\/figure><\/li><\/ul><\/figure>\n","protected":false},"excerpt":{"rendered":"<p>Unerwartet mussten wir zu Beginn dieses Jahres die traurigen Nachrichten zur Kenntnis nehmen, dass zwei unserer langj\u00e4hrigen Vereinsmitglieder, zwei ganz besondere Menschen, viel zu fr\u00fch verstorben sind. Unser tiefes Mitgef\u00fchl gilt den Familien von Papa Orenge und Kurt.<\/p>\n","protected":false},"author":2,"featured_media":0,"comment_status":"closed","ping_status":"open","sticky":false,"template":"","format":"standard","meta":{"footnotes":""},"categories":[1],"tags":[],"_links":{"self":[{"href":"http:\/\/www.gemeinsam-fuer-kenia.de\/index.php?rest_route=\/wp\/v2\/posts\/7269"}],"collection":[{"href":"http:\/\/www.gemeinsam-fuer-kenia.de\/index.php?rest_route=\/wp\/v2\/posts"}],"about":[{"href":"http:\/\/www.gemeinsam-fuer-kenia.de\/index.php?rest_route=\/wp\/v2\/types\/post"}],"author":[{"embeddable":true,"href":"http:\/\/www.gemeinsam-fuer-kenia.de\/index.php?rest_route=\/wp\/v2\/users\/2"}],"replies":[{"embeddable":true,"href":"http:\/\/www.gemeinsam-fuer-kenia.de\/index.php?rest_route=%2Fwp%2Fv2%2Fcomments&post=7269"}],"version-history":[{"count":3,"href":"http:\/\/www.gemeinsam-fuer-kenia.de\/index.php?rest_route=\/wp\/v2\/posts\/7269\/revisions"}],"predecessor-version":[{"id":7279,"href":"http:\/\/www.gemeinsam-fuer-kenia.de\/index.php?rest_route=\/wp\/v2\/posts\/7269\/revisions\/7279"}],"wp:attachment":[{"href":"http:\/\/www.gemeinsam-fuer-kenia.de\/index.php?rest_route=%2Fwp%2Fv2%2Fmedia&parent=7269"}],"wp:term":[{"taxonomy":"category","embeddable":true,"href":"http:\/\/www.gemeinsam-fuer-kenia.de\/index.php?rest_route=%2Fwp%2Fv2%2Fcategories&post=7269"},{"taxonomy":"post_tag","embeddable":true,"href":"http:\/\/www.gemeinsam-fuer-kenia.de\/index.php?rest_route=%2Fwp%2Fv2%2Ftags&post=7269"}],"curies":[{"name":"wp","href":"https:\/\/api.w.org\/{rel}","templated":true}]}}