{"id":5977,"date":"2019-01-30T16:01:54","date_gmt":"2019-01-30T14:01:54","guid":{"rendered":"http:\/\/www.gemeinsam-fuer-kenia.de\/?p=5977"},"modified":"2019-01-30T19:44:33","modified_gmt":"2019-01-30T17:44:33","slug":"bericht-ueber-besuch-der-st-kevin-schule-in-ukunda","status":"publish","type":"post","link":"http:\/\/www.gemeinsam-fuer-kenia.de\/?p=5977","title":{"rendered":"Bericht \u00fcber Besuch der St. Kevin Schule in Ukunda"},"content":{"rendered":"<p style=\"text-align: justify;\">Ich m\u00f6chte kurz \u00fcber unseren Urlaub in Kenia im September 2018 sowie eines Schulbesuches der St. Kevin Schule berichten.<\/p>\n<p style=\"text-align: justify;\"><a href=\"http:\/\/www.gemeinsam-fuer-kenia.de\/wp-content\/uploads\/2019\/01\/K640_CCOQ4852.jpg\"><img loading=\"lazy\" decoding=\"async\" class=\"aligncenter size-full wp-image-5980\" src=\"http:\/\/www.gemeinsam-fuer-kenia.de\/wp-content\/uploads\/2019\/01\/K640_CCOQ4852.jpg\" alt=\"K640_CCOQ4852\" width=\"640\" height=\"480\" srcset=\"http:\/\/www.gemeinsam-fuer-kenia.de\/wp-content\/uploads\/2019\/01\/K640_CCOQ4852.jpg 640w, http:\/\/www.gemeinsam-fuer-kenia.de\/wp-content\/uploads\/2019\/01\/K640_CCOQ4852-300x225.jpg 300w, http:\/\/www.gemeinsam-fuer-kenia.de\/wp-content\/uploads\/2019\/01\/K640_CCOQ4852-400x300.jpg 400w\" sizes=\"(max-width: 640px) 100vw, 640px\" \/><\/a><\/p>\n<p style=\"text-align: justify;\">Im Vorfeld unserer Urlaubsbuchung haben wir viel im Internet \u00fcber Kenia gelesen, da wir nicht nur in ein Hotel fahren wollten, in dem man abgeschottet ist und nach 2 Wochen von dort aus direkt wieder nach Hause fliegt, sondern etwas \u00fcber Land und Leute erfahren wollten.<\/p>\n<p style=\"text-align: justify;\">Bei unserer Recherche, bei der auch immer eine m\u00f6gliche Patenschaft ein Thema war, sind wir auf Ina Wolst und ihr Team gesto\u00dfen. Nach kurzen eMail-Kontakt haben wir \u00fcber Whattsapp tolle Tipps f\u00fcr unseren Urlaub und zus\u00e4tzlich alle Infos \u00fcber eine Patenschaft erhalten. Nach kurzer Zeit habe ich mich zur \u00dcbernahme der Patenschaft f\u00fcr den kleinen Gilbert Kiteto entschieden, dem ich \u00fcber Ina einen ersten Brief zukommen lassen konnte, der sehr lieb beantwortet wurde. Highlight unserer Planungen sollte dann nat\u00fcrlich der Urlaub in Kenia sein, bei dem wir die Schule und Gilbert sehr gerne besuchen wollten. Ina regelte alles f\u00fcr uns, so dass wir mit gutem Gef\u00fchl und einigen Tipps im Gep\u00e4ck nach Kenia reisten.<\/p>\n<p style=\"text-align: justify;\">Kurz nach der Ankunft bemerkten wir, dass wir in einer anderen Welt gelandet sind! Kenia ist zum einen traumhaft sch\u00f6n, vor allem die Safari, Land und Tiere sind kaum mit Worten zu beschreiben. Auf der anderen Seite fehlt Kenia fast alles, was wir aus unserem Lebensstandard gewohnt sind. Stra\u00dfen, Nahrung, Infrastruktur, Bildung, Industrie, Technik, Fenster, massive H\u00e4user, \u2026<\/p>\n<p style=\"text-align: justify;\">Trotz dieser Armut machen die Leute keinen ungl\u00fccklichen Eindruck und sind von Grund auf freundlich, auch wenn man merkt, dass es viele auf dein Geld abgesehen haben.<\/p>\n<p style=\"text-align: justify;\">Mitte der zweiten Urlaubswoche war es dann soweit, wir wurden mit einem Tuktuk am Hotel von einem Vater eines Schulkindes abgeholt und sp\u00e4ter wieder nach Hause gefahren. Nach ca. 15 min Fahrt erreichten wir schon die Schule, in der wir sehr herzlich empfangen wurden, auch wenn es leider einige Umst\u00e4nde gab. Die Schulleiterin war an Malaria erkrankt, wodurch die Planungen etwas durchkreuzt wurden, zudem regnete es \u00fcberraschender Weise recht heftig.<\/p>\n\n\t\t<style type=\"text\/css\">\n\t\t\t#gallery-1 {\n\t\t\t\tmargin: auto;\n\t\t\t}\n\t\t\t#gallery-1 .gallery-item {\n\t\t\t\tfloat: left;\n\t\t\t\tmargin-top: 10px;\n\t\t\t\ttext-align: center;\n\t\t\t\twidth: 25%;\n\t\t\t}\n\t\t\t#gallery-1 img {\n\t\t\t\tborder: 2px solid #cfcfcf;\n\t\t\t}\n\t\t\t#gallery-1 .gallery-caption {\n\t\t\t\tmargin-left: 0;\n\t\t\t}\n\t\t\t\/* see gallery_shortcode() in wp-includes\/media.php *\/\n\t\t<\/style>\n\t\t<div id='gallery-1' class='gallery galleryid-5977 gallery-columns-4 gallery-size-thumbnail'><dl class='gallery-item'>\n\t\t\t<dt class='gallery-icon landscape'>\n\t\t\t\t<a href='http:\/\/www.gemeinsam-fuer-kenia.de\/?attachment_id=5982'><img loading=\"lazy\" decoding=\"async\" width=\"150\" height=\"150\" src=\"http:\/\/www.gemeinsam-fuer-kenia.de\/wp-content\/uploads\/2019\/01\/K640_IMG_3397-150x150.jpg\" class=\"attachment-thumbnail size-thumbnail\" alt=\"\" \/><\/a>\n\t\t\t<\/dt><\/dl><dl class='gallery-item'>\n\t\t\t<dt class='gallery-icon landscape'>\n\t\t\t\t<a href='http:\/\/www.gemeinsam-fuer-kenia.de\/?attachment_id=5981'><img loading=\"lazy\" decoding=\"async\" width=\"150\" height=\"150\" src=\"http:\/\/www.gemeinsam-fuer-kenia.de\/wp-content\/uploads\/2019\/01\/K640_IMG_3395-150x150.jpg\" class=\"attachment-thumbnail size-thumbnail\" alt=\"\" \/><\/a>\n\t\t\t<\/dt><\/dl><dl class='gallery-item'>\n\t\t\t<dt class='gallery-icon landscape'>\n\t\t\t\t<a href='http:\/\/www.gemeinsam-fuer-kenia.de\/?attachment_id=5983'><img loading=\"lazy\" decoding=\"async\" width=\"150\" height=\"150\" src=\"http:\/\/www.gemeinsam-fuer-kenia.de\/wp-content\/uploads\/2019\/01\/K640_P1050066-150x150.jpg\" class=\"attachment-thumbnail size-thumbnail\" alt=\"\" \/><\/a>\n\t\t\t<\/dt><\/dl><dl class='gallery-item'>\n\t\t\t<dt class='gallery-icon landscape'>\n\t\t\t\t<a href='http:\/\/www.gemeinsam-fuer-kenia.de\/?attachment_id=5984'><img loading=\"lazy\" decoding=\"async\" width=\"150\" height=\"150\" src=\"http:\/\/www.gemeinsam-fuer-kenia.de\/wp-content\/uploads\/2019\/01\/K640_P1050074-150x150.jpg\" class=\"attachment-thumbnail size-thumbnail\" alt=\"\" \/><\/a>\n\t\t\t<\/dt><\/dl><br style=\"clear: both\" \/>\n\t\t<\/div>\n\n<p style=\"text-align: justify;\">Trotz allem konnten wir uns alles anschauen, und f\u00fcr einige Stunden am Leben in der Schule teilhaben. Die Arbeit die dort geleistet wird ist einfach toll! Unsere mitgebrachten Bananen und Fu\u00dfb\u00e4lle stie\u00dfen auf gro\u00dfe Begeisterung bei den Kindern. Zudem waren solch \u201eseltsam aussehende wei\u00dfe Menschen\u201c f\u00fcr die Kinder etwas Besonderes. Hier sieht man, wie einfach man Kinder gl\u00fccklich machen kann und wie gut wir es in unserer westlichen Welt haben! F\u00fcr die Kinder, die alle ihre eigene Geschichte erz\u00e4hlen k\u00f6nnten, wird hier ein solch wichtiger Beitrag geleistet, denn meiner Meinung nach ist der Weg zur Bildung der einzige Weg zu einem halbwegs guten Leben in Kenia. Diese Bildung wird den Kindern hier in eindrucksvoller Weise geboten, auch wenn die Mittel mit diesen in unseren Schulen nicht zu vergleichen sind.<\/p>\n<p style=\"text-align: justify;\">Bemerkenswert war, wie viel die kleinsten unter ihren in der Baby-Class bereits k\u00f6nnen. Sie schreiben bereits S\u00e4tze, was bei unseren Kindergartenkindern so sicher nicht der Fall ist!<\/p>\n\n\t\t<style type=\"text\/css\">\n\t\t\t#gallery-2 {\n\t\t\t\tmargin: auto;\n\t\t\t}\n\t\t\t#gallery-2 .gallery-item {\n\t\t\t\tfloat: left;\n\t\t\t\tmargin-top: 10px;\n\t\t\t\ttext-align: center;\n\t\t\t\twidth: 33%;\n\t\t\t}\n\t\t\t#gallery-2 img {\n\t\t\t\tborder: 2px solid #cfcfcf;\n\t\t\t}\n\t\t\t#gallery-2 .gallery-caption {\n\t\t\t\tmargin-left: 0;\n\t\t\t}\n\t\t\t\/* see gallery_shortcode() in wp-includes\/media.php *\/\n\t\t<\/style>\n\t\t<div id='gallery-2' class='gallery galleryid-5977 gallery-columns-3 gallery-size-thumbnail'><dl class='gallery-item'>\n\t\t\t<dt class='gallery-icon landscape'>\n\t\t\t\t<a href='http:\/\/www.gemeinsam-fuer-kenia.de\/?attachment_id=5986'><img loading=\"lazy\" decoding=\"async\" width=\"150\" height=\"150\" src=\"http:\/\/www.gemeinsam-fuer-kenia.de\/wp-content\/uploads\/2019\/01\/K640_P1050107-150x150.jpg\" class=\"attachment-thumbnail size-thumbnail\" alt=\"\" \/><\/a>\n\t\t\t<\/dt><\/dl><dl class='gallery-item'>\n\t\t\t<dt class='gallery-icon landscape'>\n\t\t\t\t<a href='http:\/\/www.gemeinsam-fuer-kenia.de\/?attachment_id=5985'><img loading=\"lazy\" decoding=\"async\" width=\"150\" height=\"150\" src=\"http:\/\/www.gemeinsam-fuer-kenia.de\/wp-content\/uploads\/2019\/01\/K640_P1050092-150x150.jpg\" class=\"attachment-thumbnail size-thumbnail\" alt=\"\" \/><\/a>\n\t\t\t<\/dt><\/dl><dl class='gallery-item'>\n\t\t\t<dt class='gallery-icon portrait'>\n\t\t\t\t<a href='http:\/\/www.gemeinsam-fuer-kenia.de\/?attachment_id=5987'><img loading=\"lazy\" decoding=\"async\" width=\"150\" height=\"150\" src=\"http:\/\/www.gemeinsam-fuer-kenia.de\/wp-content\/uploads\/2019\/01\/K640_YEXG1281-150x150.jpg\" class=\"attachment-thumbnail size-thumbnail\" alt=\"\" \/><\/a>\n\t\t\t<\/dt><\/dl><br style=\"clear: both\" \/>\n\t\t<\/div>\n\n<p style=\"text-align: justify;\">Alles in allem war es ein beeindruckender Tag, der einen zum einen auf den Boden der Tatsachen zur\u00fcck holt und andererseits zeigt, wie viel man mit so wenig erreichen kann.<\/p>\n<p style=\"text-align: justify;\">Viele Eindr\u00fccke sind mit Worten einfach nicht zu beschreiben, man muss einfach vor Ort gewesen sein. An dieser Stelle m\u00f6chte ich Ina f\u00fcr ihre Arbeit, die Vermittlung und die tollen Tipps, sowie die M\u00f6glichkeit eines Besuches ganz ganz herzlich bedanken.<\/p>\n<p style=\"text-align: justify;\">\u00a0Viele Gr\u00fc\u00dfe<\/p>\n<p style=\"text-align: justify;\">Jonas Mankel<\/p>\n","protected":false},"excerpt":{"rendered":"<p>Ich m\u00f6chte kurz \u00fcber unseren Urlaub in Kenia im September 2018 sowie eines Schulbesuches der St. Kevin Schule berichten. Im Vorfeld unserer Urlaubsbuchung haben wir viel im Internet \u00fcber Kenia gelesen, da wir nicht nur in ein Hotel fahren wollten, &hellip; <a href=\"http:\/\/www.gemeinsam-fuer-kenia.de\/?p=5977\">Weiterlesen <span class=\"meta-nav\">&rarr;<\/span><\/a><\/p>\n","protected":false},"author":2,"featured_media":0,"comment_status":"closed","ping_status":"open","sticky":false,"template":"","format":"standard","meta":{"footnotes":""},"categories":[1],"tags":[],"_links":{"self":[{"href":"http:\/\/www.gemeinsam-fuer-kenia.de\/index.php?rest_route=\/wp\/v2\/posts\/5977"}],"collection":[{"href":"http:\/\/www.gemeinsam-fuer-kenia.de\/index.php?rest_route=\/wp\/v2\/posts"}],"about":[{"href":"http:\/\/www.gemeinsam-fuer-kenia.de\/index.php?rest_route=\/wp\/v2\/types\/post"}],"author":[{"embeddable":true,"href":"http:\/\/www.gemeinsam-fuer-kenia.de\/index.php?rest_route=\/wp\/v2\/users\/2"}],"replies":[{"embeddable":true,"href":"http:\/\/www.gemeinsam-fuer-kenia.de\/index.php?rest_route=%2Fwp%2Fv2%2Fcomments&post=5977"}],"version-history":[{"count":2,"href":"http:\/\/www.gemeinsam-fuer-kenia.de\/index.php?rest_route=\/wp\/v2\/posts\/5977\/revisions"}],"predecessor-version":[{"id":5989,"href":"http:\/\/www.gemeinsam-fuer-kenia.de\/index.php?rest_route=\/wp\/v2\/posts\/5977\/revisions\/5989"}],"wp:attachment":[{"href":"http:\/\/www.gemeinsam-fuer-kenia.de\/index.php?rest_route=%2Fwp%2Fv2%2Fmedia&parent=5977"}],"wp:term":[{"taxonomy":"category","embeddable":true,"href":"http:\/\/www.gemeinsam-fuer-kenia.de\/index.php?rest_route=%2Fwp%2Fv2%2Fcategories&post=5977"},{"taxonomy":"post_tag","embeddable":true,"href":"http:\/\/www.gemeinsam-fuer-kenia.de\/index.php?rest_route=%2Fwp%2Fv2%2Ftags&post=5977"}],"curies":[{"name":"wp","href":"https:\/\/api.w.org\/{rel}","templated":true}]}}