{"id":4485,"date":"2017-07-15T12:16:36","date_gmt":"2017-07-15T10:16:36","guid":{"rendered":"http:\/\/www.gemeinsam-fuer-kenia.de\/?p=4485"},"modified":"2017-07-20T00:01:06","modified_gmt":"2017-07-19T22:01:06","slug":"grengeler-pfarrfest-am-09-07-2017-unter-dem-motto-wir-knuepfen-ein-buntes-netz","status":"publish","type":"post","link":"http:\/\/www.gemeinsam-fuer-kenia.de\/?p=4485","title":{"rendered":"Grengeler Pfarrfest am 09.07.2017 unter dem Motto \u201eWir kn\u00fcpfen ein buntes Netz\u201c"},"content":{"rendered":"<h3 style=\"text-align: justify;\"><a href=\"http:\/\/www.gemeinsam-fuer-kenia.de\/wp-content\/uploads\/2017\/07\/K640_IMG-20170708-WA0011.jpg\"><img loading=\"lazy\" decoding=\"async\" class=\"aligncenter size-full wp-image-4486\" src=\"http:\/\/www.gemeinsam-fuer-kenia.de\/wp-content\/uploads\/2017\/07\/K640_IMG-20170708-WA0011.jpg\" alt=\"K640_IMG-20170708-WA0011\" width=\"853\" height=\"480\" srcset=\"http:\/\/www.gemeinsam-fuer-kenia.de\/wp-content\/uploads\/2017\/07\/K640_IMG-20170708-WA0011.jpg 853w, http:\/\/www.gemeinsam-fuer-kenia.de\/wp-content\/uploads\/2017\/07\/K640_IMG-20170708-WA0011-300x168.jpg 300w, http:\/\/www.gemeinsam-fuer-kenia.de\/wp-content\/uploads\/2017\/07\/K640_IMG-20170708-WA0011-500x281.jpg 500w\" sizes=\"(max-width: 853px) 100vw, 853px\" \/><\/a><\/h3>\n<p style=\"text-align: justify;\">Auch wir, der Verein, haben mittlerweile ein buntes Netz l\u00e4nder\u00fcbergreifend gekn\u00fcpft. Paten aus der Schweiz, aus \u00d6sterreich und aus allen Teilen Deutschlands unterst\u00fctzen uns seit einigen Jahren. Das ist schon \u00fcberw\u00e4ltigend, wenn man \u00fcberlegt, wie &#8222;klein&#8220; wir begonnen haben.<\/p>\n<p style=\"text-align: justify;\">In diesem Jahr waren wir erstmals mit unserem Verein am Grengeler Pfarrfest in K\u00f6ln\/Porz mit einem Verkaufsstand mit kenianischem Kunsthandwerk vertreten. Unsere Mitglieder Amina Fl\u00fcgel und Gunhild Lehmann mit Tochter Silja haben den Aufbau\/ Verkauf organisiert und \u201eWerbung\u201c f\u00fcr neue Paten gemacht. Euch Dreien ein herzliches Dankesch\u00f6n. Das habt ihr toll gemacht!<\/p>\n\n\t\t<style type=\"text\/css\">\n\t\t\t#gallery-1 {\n\t\t\t\tmargin: auto;\n\t\t\t}\n\t\t\t#gallery-1 .gallery-item {\n\t\t\t\tfloat: left;\n\t\t\t\tmargin-top: 10px;\n\t\t\t\ttext-align: center;\n\t\t\t\twidth: 16%;\n\t\t\t}\n\t\t\t#gallery-1 img {\n\t\t\t\tborder: 2px solid #cfcfcf;\n\t\t\t}\n\t\t\t#gallery-1 .gallery-caption {\n\t\t\t\tmargin-left: 0;\n\t\t\t}\n\t\t\t\/* see gallery_shortcode() in wp-includes\/media.php *\/\n\t\t<\/style>\n\t\t<div id='gallery-1' class='gallery galleryid-4485 gallery-columns-6 gallery-size-thumbnail'><dl class='gallery-item'>\n\t\t\t<dt class='gallery-icon landscape'>\n\t\t\t\t<a href='http:\/\/www.gemeinsam-fuer-kenia.de\/?attachment_id=4503'><img loading=\"lazy\" decoding=\"async\" width=\"150\" height=\"150\" src=\"http:\/\/www.gemeinsam-fuer-kenia.de\/wp-content\/uploads\/2017\/07\/K640_IMG-20170709-WA0089-150x150.jpg\" class=\"attachment-thumbnail size-thumbnail\" alt=\"\" \/><\/a>\n\t\t\t<\/dt><\/dl><dl class='gallery-item'>\n\t\t\t<dt class='gallery-icon landscape'>\n\t\t\t\t<a href='http:\/\/www.gemeinsam-fuer-kenia.de\/?attachment_id=4502'><img loading=\"lazy\" decoding=\"async\" width=\"150\" height=\"150\" src=\"http:\/\/www.gemeinsam-fuer-kenia.de\/wp-content\/uploads\/2017\/07\/K640_IMG-20170709-WA0088-150x150.jpg\" class=\"attachment-thumbnail size-thumbnail\" alt=\"\" \/><\/a>\n\t\t\t<\/dt><\/dl><dl class='gallery-item'>\n\t\t\t<dt class='gallery-icon landscape'>\n\t\t\t\t<a href='http:\/\/www.gemeinsam-fuer-kenia.de\/?attachment_id=4499'><img loading=\"lazy\" decoding=\"async\" width=\"150\" height=\"150\" src=\"http:\/\/www.gemeinsam-fuer-kenia.de\/wp-content\/uploads\/2017\/07\/K640_IMG-20170709-WA0085-150x150.jpg\" class=\"attachment-thumbnail size-thumbnail\" alt=\"\" \/><\/a>\n\t\t\t<\/dt><\/dl><dl class='gallery-item'>\n\t\t\t<dt class='gallery-icon landscape'>\n\t\t\t\t<a href='http:\/\/www.gemeinsam-fuer-kenia.de\/?attachment_id=4496'><img loading=\"lazy\" decoding=\"async\" width=\"150\" height=\"150\" src=\"http:\/\/www.gemeinsam-fuer-kenia.de\/wp-content\/uploads\/2017\/07\/K640_IMG-20170709-WA0081-150x150.jpg\" class=\"attachment-thumbnail size-thumbnail\" alt=\"\" \/><\/a>\n\t\t\t<\/dt><\/dl><dl class='gallery-item'>\n\t\t\t<dt class='gallery-icon portrait'>\n\t\t\t\t<a href='http:\/\/www.gemeinsam-fuer-kenia.de\/?attachment_id=4501'><img loading=\"lazy\" decoding=\"async\" width=\"150\" height=\"150\" src=\"http:\/\/www.gemeinsam-fuer-kenia.de\/wp-content\/uploads\/2017\/07\/K640_IMG-20170709-WA0087-150x150.jpg\" class=\"attachment-thumbnail size-thumbnail\" alt=\"\" \/><\/a>\n\t\t\t<\/dt><\/dl><dl class='gallery-item'>\n\t\t\t<dt class='gallery-icon landscape'>\n\t\t\t\t<a href='http:\/\/www.gemeinsam-fuer-kenia.de\/?attachment_id=4492'><img loading=\"lazy\" decoding=\"async\" width=\"150\" height=\"150\" src=\"http:\/\/www.gemeinsam-fuer-kenia.de\/wp-content\/uploads\/2017\/07\/K640_IMG-20170709-WA0076-150x150.jpg\" class=\"attachment-thumbnail size-thumbnail\" alt=\"\" \/><\/a>\n\t\t\t<\/dt><\/dl><br style=\"clear: both\" \/><dl class='gallery-item'>\n\t\t\t<dt class='gallery-icon landscape'>\n\t\t\t\t<a href='http:\/\/www.gemeinsam-fuer-kenia.de\/?attachment_id=4493'><img loading=\"lazy\" decoding=\"async\" width=\"150\" height=\"150\" src=\"http:\/\/www.gemeinsam-fuer-kenia.de\/wp-content\/uploads\/2017\/07\/K640_IMG-20170709-WA0078-150x150.jpg\" class=\"attachment-thumbnail size-thumbnail\" alt=\"\" \/><\/a>\n\t\t\t<\/dt><\/dl><dl class='gallery-item'>\n\t\t\t<dt class='gallery-icon landscape'>\n\t\t\t\t<a href='http:\/\/www.gemeinsam-fuer-kenia.de\/?attachment_id=4494'><img loading=\"lazy\" decoding=\"async\" width=\"150\" height=\"150\" src=\"http:\/\/www.gemeinsam-fuer-kenia.de\/wp-content\/uploads\/2017\/07\/K640_IMG-20170709-WA0079-150x150.jpg\" class=\"attachment-thumbnail size-thumbnail\" alt=\"\" \/><\/a>\n\t\t\t<\/dt><\/dl><dl class='gallery-item'>\n\t\t\t<dt class='gallery-icon landscape'>\n\t\t\t\t<a href='http:\/\/www.gemeinsam-fuer-kenia.de\/?attachment_id=4495'><img loading=\"lazy\" decoding=\"async\" width=\"150\" height=\"150\" src=\"http:\/\/www.gemeinsam-fuer-kenia.de\/wp-content\/uploads\/2017\/07\/K640_IMG-20170709-WA0080-150x150.jpg\" class=\"attachment-thumbnail size-thumbnail\" alt=\"\" \/><\/a>\n\t\t\t<\/dt><\/dl><dl class='gallery-item'>\n\t\t\t<dt class='gallery-icon landscape'>\n\t\t\t\t<a href='http:\/\/www.gemeinsam-fuer-kenia.de\/?attachment_id=4488'><img loading=\"lazy\" decoding=\"async\" width=\"150\" height=\"150\" src=\"http:\/\/www.gemeinsam-fuer-kenia.de\/wp-content\/uploads\/2017\/07\/K640_IMG-20170709-WA0030-150x150.jpg\" class=\"attachment-thumbnail size-thumbnail\" alt=\"\" \/><\/a>\n\t\t\t<\/dt><\/dl><dl class='gallery-item'>\n\t\t\t<dt class='gallery-icon landscape'>\n\t\t\t\t<a href='http:\/\/www.gemeinsam-fuer-kenia.de\/?attachment_id=4491'><img loading=\"lazy\" decoding=\"async\" width=\"150\" height=\"150\" src=\"http:\/\/www.gemeinsam-fuer-kenia.de\/wp-content\/uploads\/2017\/07\/K640_IMG-20170709-WA0033-150x150.jpg\" class=\"attachment-thumbnail size-thumbnail\" alt=\"\" \/><\/a>\n\t\t\t<\/dt><\/dl><dl class='gallery-item'>\n\t\t\t<dt class='gallery-icon landscape'>\n\t\t\t\t<a href='http:\/\/www.gemeinsam-fuer-kenia.de\/?attachment_id=4487'><img loading=\"lazy\" decoding=\"async\" width=\"150\" height=\"150\" src=\"http:\/\/www.gemeinsam-fuer-kenia.de\/wp-content\/uploads\/2017\/07\/K640_IMG-20170709-WA0029-150x150.jpg\" class=\"attachment-thumbnail size-thumbnail\" alt=\"\" \/><\/a>\n\t\t\t<\/dt><\/dl><br style=\"clear: both\" \/>\n\t\t<\/div>\n\n<p style=\"text-align: justify;\">Und ein ganz besonderer Dank geht nat\u00fcrlich an die Pfarrei der Katholischen Kirchengemeinde Christus K\u00f6nig, die uns dies \u00fcberhaupt erm\u00f6glicht hat.<\/p>\n<p style=\"text-align: justify;\">Der Erl\u00f6s aus dem Verkauf der Waren geht wieder zu 100% den Kindern in Kenia zugute. Mit diesen Geldern k\u00f6nnen Dinge, wie beispielsweise Arztbesuche und Hilfe in Notf\u00e4llen finanziert werden. Darauf sind wir extrem angewiesen, da unsere anderen Spenden meist zweckgebunden sind, wie beispielsweise die Gelder f\u00fcr Patenschaften, die dann ausschlie\u00dflich f\u00fcr die Ausbildung\/Ern\u00e4hrung der Kinder genutzt werden.<\/p>\n<p style=\"text-align: justify;\">F\u00fcr drei bed\u00fcrftige Schulkinder in Kenia konnten auf dem Pfarrfest Patenfamilien gefunden werden. DANKE!!! Das ist toll! Ich hoffe, es kommen noch mehr dazu!<\/p>\n<p style=\"text-align: justify;\"><a href=\"http:\/\/www.gemeinsam-fuer-kenia.de\/wp-content\/uploads\/2017\/07\/IMG-20170719-WA0000-2.jpg\"><img loading=\"lazy\" decoding=\"async\" class=\"aligncenter size-full wp-image-4511\" src=\"http:\/\/www.gemeinsam-fuer-kenia.de\/wp-content\/uploads\/2017\/07\/IMG-20170719-WA0000-2.jpg\" alt=\"IMG-20170719-WA0000 (2)\" width=\"904\" height=\"727\" srcset=\"http:\/\/www.gemeinsam-fuer-kenia.de\/wp-content\/uploads\/2017\/07\/IMG-20170719-WA0000-2.jpg 904w, http:\/\/www.gemeinsam-fuer-kenia.de\/wp-content\/uploads\/2017\/07\/IMG-20170719-WA0000-2-300x241.jpg 300w, http:\/\/www.gemeinsam-fuer-kenia.de\/wp-content\/uploads\/2017\/07\/IMG-20170719-WA0000-2-373x300.jpg 373w\" sizes=\"(max-width: 904px) 100vw, 904px\" \/><\/a><\/p>\n<h2 style=\"text-align: justify;\"><strong>LETZTER AUFRUF!!!! <\/strong><\/h2>\n<p style=\"text-align: justify;\"><strong>Wer seinem Patenkind noch Post mit nach Kenia geben m\u00f6chte, der hat noch bis zum 21.07.2017 die M\u00f6glichkeit, einen Brief nach K\u00f6ln (bitte Adresse bei mir erfragen!) zu schicken, der dann mit an die Schule genommen wird!\u00a0<\/strong><\/p>\n<p style=\"text-align: justify;\">\n","protected":false},"excerpt":{"rendered":"<p>Auch wir, der Verein, haben mittlerweile ein buntes Netz l\u00e4nder\u00fcbergreifend gekn\u00fcpft. Paten aus der Schweiz, aus \u00d6sterreich und aus allen Teilen Deutschlands unterst\u00fctzen uns seit einigen Jahren. Das ist schon \u00fcberw\u00e4ltigend, wenn man \u00fcberlegt, wie &#8222;klein&#8220; wir begonnen haben. In &hellip; <a href=\"http:\/\/www.gemeinsam-fuer-kenia.de\/?p=4485\">Weiterlesen <span class=\"meta-nav\">&rarr;<\/span><\/a><\/p>\n","protected":false},"author":2,"featured_media":0,"comment_status":"closed","ping_status":"open","sticky":false,"template":"","format":"standard","meta":{"footnotes":""},"categories":[1],"tags":[],"_links":{"self":[{"href":"http:\/\/www.gemeinsam-fuer-kenia.de\/index.php?rest_route=\/wp\/v2\/posts\/4485"}],"collection":[{"href":"http:\/\/www.gemeinsam-fuer-kenia.de\/index.php?rest_route=\/wp\/v2\/posts"}],"about":[{"href":"http:\/\/www.gemeinsam-fuer-kenia.de\/index.php?rest_route=\/wp\/v2\/types\/post"}],"author":[{"embeddable":true,"href":"http:\/\/www.gemeinsam-fuer-kenia.de\/index.php?rest_route=\/wp\/v2\/users\/2"}],"replies":[{"embeddable":true,"href":"http:\/\/www.gemeinsam-fuer-kenia.de\/index.php?rest_route=%2Fwp%2Fv2%2Fcomments&post=4485"}],"version-history":[{"count":4,"href":"http:\/\/www.gemeinsam-fuer-kenia.de\/index.php?rest_route=\/wp\/v2\/posts\/4485\/revisions"}],"predecessor-version":[{"id":4513,"href":"http:\/\/www.gemeinsam-fuer-kenia.de\/index.php?rest_route=\/wp\/v2\/posts\/4485\/revisions\/4513"}],"wp:attachment":[{"href":"http:\/\/www.gemeinsam-fuer-kenia.de\/index.php?rest_route=%2Fwp%2Fv2%2Fmedia&parent=4485"}],"wp:term":[{"taxonomy":"category","embeddable":true,"href":"http:\/\/www.gemeinsam-fuer-kenia.de\/index.php?rest_route=%2Fwp%2Fv2%2Fcategories&post=4485"},{"taxonomy":"post_tag","embeddable":true,"href":"http:\/\/www.gemeinsam-fuer-kenia.de\/index.php?rest_route=%2Fwp%2Fv2%2Ftags&post=4485"}],"curies":[{"name":"wp","href":"https:\/\/api.w.org\/{rel}","templated":true}]}}